{"id":403,"date":"2019-12-12T22:00:42","date_gmt":"2019-12-12T21:00:42","guid":{"rendered":"http:\/\/chirurgiefoiepancreas.fr\/fr\/?p=403"},"modified":"2021-02-25T17:16:31","modified_gmt":"2021-02-25T16:16:31","slug":"alpes-art-in-liver-and-pancreatic-extreme-surgery","status":"publish","type":"post","link":"https:\/\/chirurgiefoiepancreas.fr\/fr\/news\/alpes-art-in-liver-and-pancreatic-extreme-surgery\/","title":{"rendered":"ALPES 2019: Art in Liver and Pancreatic Extreme Surgery"},"content":{"rendered":"<p>H\u00f4pital de Hautepierre 2 &#8211; Amphith\u00e9\u00e2tre AGORA<br \/>\nP\u00f4le des Pathologies Digestives, H\u00e9patiques et de la Transplantation<br \/>\nAvenue Moli\u00e8re \u2013 67098 STRASBOURG &#8211; France<\/p>\n<p><img loading=\"lazy\" decoding=\"async\" class=\"alignnone wp-image-404 size-full\" title=\"ALPES: Art in Liver and Pancreatic Extreme Surgery\" src=\"https:\/\/chirurgiefoiepancreas.fr\/fr\/wp-content\/uploads\/2019\/09\/std-201912-01.jpg\" alt=\"ALPES: Art in Liver and Pancreatic Extreme Surgery\" width=\"1240\" height=\"920\" srcset=\"https:\/\/chirurgiefoiepancreas.fr\/fr\/wp-content\/uploads\/2019\/09\/std-201912-01.jpg 1240w, https:\/\/chirurgiefoiepancreas.fr\/fr\/wp-content\/uploads\/2019\/09\/std-201912-01-300x223.jpg 300w, https:\/\/chirurgiefoiepancreas.fr\/fr\/wp-content\/uploads\/2019\/09\/std-201912-01-768x570.jpg 768w, https:\/\/chirurgiefoiepancreas.fr\/fr\/wp-content\/uploads\/2019\/09\/std-201912-01-1024x760.jpg 1024w\" sizes=\"auto, (max-width: 706px) 89vw, (max-width: 767px) 82vw, 740px\" \/><\/p>\n<p>Cher(e)s Coll\u00e8gues, Cher(e)s Ami(e)s,<br \/>\nNous avons le plaisir de vous convier aux Journ\u00e9es ALPES, avec \u00abLive\u00a0\u00bb, d\u00e9di\u00e9es \u00e0 la Chirurgie H\u00e9patique-Pancr\u00e9atique et Biliaire\u00a0(HBP).<\/p>\n<p>Ce symposium de deux jours offre aux participants l\u2019opportunit\u00e9 d\u2019un partage mutuel des connaissances et de l\u2019exp\u00e9rience dans le domaine HPB, au travers de discussions interactives.<\/p>\n<p>Dans l\u2019attente de vous rencontrer dans notre belle ville de STRASBOURG, Capitale de l\u2019Europe.<\/p>\n<p>Pr Philippe BACHELLIER<\/p>\n<p>&#8211;<\/p>\n<p style=\"text-align: center;\">Nous vous remercions de bien vouloir confirmer votre pr\u00e9sence par mail \u00e0 l\u2019adresse suivante\u00a0:<br \/>\n<a href=\"mailto:arianna.sparano@outlook.com\">arianna.sparano@outlook.com<\/a><\/p>\n<p>&#8211;<\/p>\n<p><strong>Pr\u00e9-Programme<\/strong><\/p>\n<p style=\"text-align: right;\"><strong>Jeudi 12 D\u00e9cembre 2019<br \/>\nJour 1<\/strong><\/p>\n<p>08H30 _ Accueil des Participants\u00a0et enregistrement<br \/>\n09h00 _ Mot de bienvenue et introduction\u00a0: <strong>Philippe BACHELLIER<br \/>\n<\/strong><\/p>\n<p>09h15 \u2013 13h00 _ <strong>Session Pancr\u00e9as 1<\/strong><\/p>\n<p>\u00ab\u00a0<strong>Live<\/strong>\u00bb\u00a0\u00a0bloc op\u00e9ratoire :<br \/>\n<strong>PANCR\u00c9ATECTOMIE AVEC R\u00c9SECTION ART\u00c9RIELLE et VEINEUSE<\/strong><\/p>\n<p><em>Mod\u00e9rateurs <\/em>: <strong>Pietro ADDEO, Edoardo ROSSO<\/strong><\/p>\n<ul>\n<li><i>Particularit\u00e9s anesth\u00e9siques en cas de r\u00e9section vasculaire au cours des proc\u00e9dures HPB<br \/>\n<\/i><strong>Benjamin LEBAS (Anesth\u00e9siste, CHU Strasbourg)<br \/>\n<\/strong><i><br \/>\n<\/i><\/li>\n<li>Pancr\u00e9atectomie avec r\u00e9section veineuse<br \/>\n<strong><strong><strong>Pietro ADDEO\u00a0(Chirurgien HPB et Transplantation H\u00e9patique, CHU Strasbourg)<\/strong><\/strong><\/strong><\/li>\n<li>Pancr\u00e9atectomies par voie mini-invasive\u00a0: avantages et limites<br \/>\n<strong><strong><strong>Edoardo ROSSO (Chirurgien HPB, P\u00f4le sant\u00e9 Sud Les Mans)<\/strong><\/strong><\/strong><\/li>\n<li>Nouveaut\u00e9s dans le traitement m\u00e9dical de l\u2019ad\u00e9nocarcinome du pancr\u00e9as<br \/>\n<strong>Patrick\u00a0DUFOUR (Oncologue, CHU Strasbourg)<br \/>\n<\/strong><\/li>\n<\/ul>\n<p>13h00 _ Pause d\u00e9jeuner<\/p>\n<p>14h15 \u2013 18h00 _<\/p>\n<p><strong>Vid\u00e9o session : \u00ab\u00a0Comment je fais\u00a0\u00bb <\/strong><strong>et situations <\/strong><strong>techniques complexes<br \/>\n<\/strong><\/p>\n<p><em>Mod\u00e9rateurs : <\/em><strong>Pietro ADDEO<\/strong><strong>, Fran\u00e7ois FAITOT<\/strong><\/p>\n<ul>\n<li><strong>APPLEBY modifi\u00e9e avec reconstruction art\u00e9rielle<\/strong><\/li>\n<li><strong>Anastomose pancr\u00e9ato-gastrique<\/strong><\/li>\n<li><strong>MIDDLE SEGMENT-PRESERVING Pancr\u00e9atectomy<\/strong><\/li>\n<li><strong>Radical Antegrade Modular Pancr\u00e9atectomy (RAMPS)<\/strong><\/li>\n<li><strong><strong><strong><strong>Duod\u00e9nopancr\u00e9atectomie C\u00e9phalique avec r\u00e9section veineuse<\/strong><\/strong><\/strong><\/strong><\/li>\n<li>Discussion de Dossiers Cliniques *<\/li>\n<li>Questions &amp; R\u00e9ponses<\/li>\n<\/ul>\n<p>*(Dossier ouverts \u00e0 tous\u00a0: pr\u00e9sentation PowerPoint exig\u00e9e)<\/p>\n<p>&nbsp;<\/p>\n<p><strong>Pr\u00e9-Programme<\/strong><\/p>\n<p style=\"text-align: right;\"><strong>Vendredi 13 D\u00e9cembre 2019<br \/>\nJour 2<\/strong><\/p>\n<p>08H30 _ Accueil des Participants<\/p>\n<p>09h00 _ Introduction :<strong> Philippe BACHELLIER<\/strong><\/p>\n<p>09h15 \u2013 12h45 _ <strong>Session Foie 1<\/strong><\/p>\n<p>\u00ab\u00a0<strong>Live<\/strong>\u00a0\u00bb bloc op\u00e9ratoire :<br \/>\n<strong>HEPATECTOMIE MAJEURE AVEC RESECTION VASCULAIRE<\/strong><\/p>\n<p><em>Mod\u00e9rateurs <\/em>:\u00a0<strong>Pietro ADDEO, Fran\u00e7ois FAITOT<\/strong><\/p>\n<ul>\n<li>Chirurgie conservatrice pour l\u00e9sions h\u00e9patiques multiples et bi-lobaires<br \/>\n<strong><em>Invit\u00e9 d&rsquo;honneur \u00a0<\/em>Pr Guido TORZILLI<br \/>\n<\/strong><strong><strong><strong>( Chef de D\u00e9partement et Chef de Service de Chirurgie H\u00e9patobiliaire\u00a0et G\u00e9n\u00e9rale, Humanitas Research Hospital &#8211; IRCCS Milano)<\/strong><\/strong><\/strong><\/li>\n<li>Prise en charge du carcinome h\u00e9patocellulaire dans un contexte de NASH<br \/>\n<strong><strong><strong><strong>Lawrence SERFATY (H\u00e9patologue, CHU Strasbourg)<\/strong><\/strong><\/strong><\/strong><\/li>\n<li>Analyse standardis\u00e9e des pi\u00e8ces\u00a0Duod\u00e9nopancr\u00e9atectomie C\u00e9phalique :<br \/>\ndu bloc operatoire au microscope<br \/>\n<strong><strong><strong>Gerlinde AVEROUS\u00a0(Anatomo-cyto-pathologiste, CHU Strasbourg)<\/strong><\/strong><\/strong><\/li>\n<li>Transplantation h\u00e9patique pour CHC\u00a0: quel crit\u00e8re de s\u00e9lection?<br \/>\n<strong>Fran\u00e7ois\u00a0FAITOT (Chirurgien HPB et Transplantation H\u00e9patique, CHU Strasbourg)<br \/>\n<\/strong><\/li>\n<\/ul>\n<p>12h45 _ Pause d\u00e9jeuner<\/p>\n<p>14h00 \u2013 15h30 _<\/p>\n<p><strong>Vid\u00e9o<\/strong> <strong>session : <\/strong><strong>\u00ab\u00a0Comment je fais\u00a0\u00bb et situations techniques complexes<\/strong><\/p>\n<p><em>Mod\u00e9rateurs<\/em>:\u00a0<strong>Pietro ADDEO, Fran\u00e7ois FAITOT<\/strong><\/p>\n<ul>\n<li><strong>H\u00e9patectomie Centrale<\/strong><\/li>\n<li><strong>H\u00e9patectomie Gauche par c\u0153lioscopie<\/strong><\/li>\n<li><strong>D\u00e9compression portale au cours d\u2019une transplantation h\u00e9patique<\/strong><\/li>\n<li><strong>Re-Transplantation H\u00e9patique<\/strong><\/li>\n<li><strong><strong><strong><strong>NO-TOUCH technique pour tumeur de Klatskin<\/strong><\/strong><\/strong><\/strong><\/li>\n<li>Discussion de Dossiers Cliniques *<\/li>\n<li>Conclusions \u2013 <strong>Philippe BACHELLIER<\/strong><\/li>\n<\/ul>\n<p>*(Dossier ouverts \u00e0 tous\u00a0: pr\u00e9sentation PowerPoint exig\u00e9e)<\/p>\n<p>&#8211;<\/p>\n<p><span class=\"st\">T\u00e9l\u00e9charger<\/span>:<br \/>\n<a href=\"https:\/\/chirurgiefoiepancreas.fr\/fr\/wp-content\/uploads\/2019\/10\/ALPES-201912.pdf\" target=\"_blank\" rel=\"noopener noreferrer\">ALPES: Art in Liver and Pancreatic Extreme Surgery (Programme)<\/a><br \/>\n<a href=\"https:\/\/chirurgiefoiepancreas.fr\/fr\/wp-content\/uploads\/2019\/10\/201912_bulletin.pdf\" target=\"_blank\" rel=\"noopener noreferrer\">ALPES: Art in Liver and Pancreatic Extreme Surgery, (Bulletin d&rsquo;inscription)<\/a><\/p>\n<p>&nbsp;<\/p>\n<p>&nbsp;<\/p>\n","protected":false},"excerpt":{"rendered":"<p>Cher(e)s Coll\u00e8gues, Cher(e)s Ami(e)s,<br \/>\nNous avons le plaisir de vous convier aux Journ\u00e9es ALPES, avec \u00abLive \u00bb, d\u00e9di\u00e9es \u00e0 la Chirurgie H\u00e9patique-Pancr\u00e9atique et Biliaire (HBP).<\/p>\n","protected":false},"author":1,"featured_media":0,"comment_status":"closed","ping_status":"open","sticky":false,"template":"","format":"standard","meta":{"footnotes":""},"categories":[5],"tags":[20,25,24,22,23,21,26],"class_list":["post-403","post","type-post","status-publish","format-standard","hentry","category-news","tag-alpes-2019","tag-cancer","tag-foie","tag-hpb","tag-pancreas","tag-symposium","tag-transplantation"],"_links":{"self":[{"href":"https:\/\/chirurgiefoiepancreas.fr\/fr\/wp-json\/wp\/v2\/posts\/403","targetHints":{"allow":["GET"]}}],"collection":[{"href":"https:\/\/chirurgiefoiepancreas.fr\/fr\/wp-json\/wp\/v2\/posts"}],"about":[{"href":"https:\/\/chirurgiefoiepancreas.fr\/fr\/wp-json\/wp\/v2\/types\/post"}],"author":[{"embeddable":true,"href":"https:\/\/chirurgiefoiepancreas.fr\/fr\/wp-json\/wp\/v2\/users\/1"}],"replies":[{"embeddable":true,"href":"https:\/\/chirurgiefoiepancreas.fr\/fr\/wp-json\/wp\/v2\/comments?post=403"}],"version-history":[{"count":35,"href":"https:\/\/chirurgiefoiepancreas.fr\/fr\/wp-json\/wp\/v2\/posts\/403\/revisions"}],"predecessor-version":[{"id":894,"href":"https:\/\/chirurgiefoiepancreas.fr\/fr\/wp-json\/wp\/v2\/posts\/403\/revisions\/894"}],"wp:attachment":[{"href":"https:\/\/chirurgiefoiepancreas.fr\/fr\/wp-json\/wp\/v2\/media?parent=403"}],"wp:term":[{"taxonomy":"category","embeddable":true,"href":"https:\/\/chirurgiefoiepancreas.fr\/fr\/wp-json\/wp\/v2\/categories?post=403"},{"taxonomy":"post_tag","embeddable":true,"href":"https:\/\/chirurgiefoiepancreas.fr\/fr\/wp-json\/wp\/v2\/tags?post=403"}],"curies":[{"name":"wp","href":"https:\/\/api.w.org\/{rel}","templated":true}]}}